{"id":255,"date":"2026-09-01T15:19:47","date_gmt":"2026-09-01T13:19:47","guid":{"rendered":"http:\/\/le-souffle.org\/?p=255"},"modified":"2026-09-01T15:19:48","modified_gmt":"2026-09-01T13:19:48","slug":"rentree-2026","status":"publish","type":"post","link":"https:\/\/le-souffle.org\/?p=255","title":{"rendered":"rentr\u00e9e 2026"},"content":{"rendered":"\n<p class=\"has-normal-font-size\">Les cours de yoga reprendront<strong> mardi 15 septembre 2026<\/strong> \u00e0 l&rsquo;\u00e9cole Aragon et <strong>mercredi 16 septembre<\/strong> \u00e0 l\u00e9cole Cochennec<\/p>\n","protected":false},"excerpt":{"rendered":"<p>Les cours de yoga reprendront mardi 15 septembre 2026 \u00e0 l&rsquo;\u00e9cole Aragon et mercredi 16 septembre \u00e0 l\u00e9cole Cochennec<\/p>\n","protected":false},"author":2,"featured_media":0,"comment_status":"closed","ping_status":"open","sticky":false,"template":"","format":"standard","meta":[],"categories":[1],"tags":[],"_links":{"self":[{"href":"https:\/\/le-souffle.org\/index.php?rest_route=\/wp\/v2\/posts\/255"}],"collection":[{"href":"https:\/\/le-souffle.org\/index.php?rest_route=\/wp\/v2\/posts"}],"about":[{"href":"https:\/\/le-souffle.org\/index.php?rest_route=\/wp\/v2\/types\/post"}],"author":[{"embeddable":true,"href":"https:\/\/le-souffle.org\/index.php?rest_route=\/wp\/v2\/users\/2"}],"replies":[{"embeddable":true,"href":"https:\/\/le-souffle.org\/index.php?rest_route=%2Fwp%2Fv2%2Fcomments&post=255"}],"version-history":[{"count":2,"href":"https:\/\/le-souffle.org\/index.php?rest_route=\/wp\/v2\/posts\/255\/revisions"}],"predecessor-version":[{"id":258,"href":"https:\/\/le-souffle.org\/index.php?rest_route=\/wp\/v2\/posts\/255\/revisions\/258"}],"wp:attachment":[{"href":"https:\/\/le-souffle.org\/index.php?rest_route=%2Fwp%2Fv2%2Fmedia&parent=255"}],"wp:term":[{"taxonomy":"category","embeddable":true,"href":"https:\/\/le-souffle.org\/index.php?rest_route=%2Fwp%2Fv2%2Fcategories&post=255"},{"taxonomy":"post_tag","embeddable":true,"href":"https:\/\/le-souffle.org\/index.php?rest_route=%2Fwp%2Fv2%2Ftags&post=255"}],"curies":[{"name":"wp","href":"https:\/\/api.w.org\/{rel}","templated":true}]}}